{"id":717,"date":"2022-10-27T20:50:05","date_gmt":"2022-10-27T18:50:05","guid":{"rendered":"https:\/\/hradna.com\/?p=717"},"modified":"2022-10-29T11:17:25","modified_gmt":"2022-10-29T09:17:25","slug":"historic-photos-of-hradna-restaurant","status":"publish","type":"post","link":"https:\/\/hradna.com\/en\/news\/historic-photos-of-hradna-restaurant\/","title":{"rendered":"Historic photos of Hradna restaurant"},"content":{"rendered":"Take a peek into history. Old photos of the Hradna restaurant.\r\n<div id='gallery-1' class='gallery galleryid-717 gallery-columns-3 gallery-size-thumbnail'><figure class='gallery-item'>\n\t\t\t<div class='gallery-icon landscape'>\n\t\t\t\t<a href='https:\/\/hradna.com\/wp-content\/uploads\/2022\/10\/01-historic-photo-hradna-restaurant.jpg' title=\"\" data-rl_title=\"\" class=\"rl-gallery-link\" data-rl_caption=\"\" data-rel=\"lightbox-gallery-1\"><img loading=\"lazy\" decoding=\"async\" width=\"850\" height=\"850\" src=\"https:\/\/hradna.com\/wp-content\/uploads\/2022\/10\/01-historic-photo-hradna-restaurant-850x850.jpg\" class=\"attachment-thumbnail size-thumbnail\" alt=\"\" srcset=\"https:\/\/hradna.com\/wp-content\/uploads\/2022\/10\/01-historic-photo-hradna-restaurant-850x850.jpg 850w, https:\/\/hradna.com\/wp-content\/uploads\/2022\/10\/01-historic-photo-hradna-restaurant-100x100.jpg 100w\" sizes=\"auto, 100vw\" \/><\/a>\n\t\t\t<\/div><\/figure><figure class='gallery-item'>\n\t\t\t<div class='gallery-icon landscape'>\n\t\t\t\t<a href='https:\/\/hradna.com\/wp-content\/uploads\/2022\/10\/02-historic-photo-hradna-restaurant.jpg' title=\"\" data-rl_title=\"\" class=\"rl-gallery-link\" data-rl_caption=\"\" data-rel=\"lightbox-gallery-1\"><img loading=\"lazy\" decoding=\"async\" width=\"850\" height=\"850\" src=\"https:\/\/hradna.com\/wp-content\/uploads\/2022\/10\/02-historic-photo-hradna-restaurant-850x850.jpg\" class=\"attachment-thumbnail size-thumbnail\" alt=\"\" srcset=\"https:\/\/hradna.com\/wp-content\/uploads\/2022\/10\/02-historic-photo-hradna-restaurant-850x850.jpg 850w, https:\/\/hradna.com\/wp-content\/uploads\/2022\/10\/02-historic-photo-hradna-restaurant-100x100.jpg 100w\" sizes=\"auto, 100vw\" \/><\/a>\n\t\t\t<\/div><\/figure><figure class='gallery-item'>\n\t\t\t<div class='gallery-icon landscape'>\n\t\t\t\t<a href='https:\/\/hradna.com\/wp-content\/uploads\/2022\/10\/03-historic-photo-hradna-restaurant.jpg' title=\"\" data-rl_title=\"\" class=\"rl-gallery-link\" data-rl_caption=\"\" data-rel=\"lightbox-gallery-1\"><img loading=\"lazy\" decoding=\"async\" width=\"850\" height=\"850\" src=\"https:\/\/hradna.com\/wp-content\/uploads\/2022\/10\/03-historic-photo-hradna-restaurant-850x850.jpg\" class=\"attachment-thumbnail size-thumbnail\" alt=\"\" srcset=\"https:\/\/hradna.com\/wp-content\/uploads\/2022\/10\/03-historic-photo-hradna-restaurant-850x850.jpg 850w, https:\/\/hradna.com\/wp-content\/uploads\/2022\/10\/03-historic-photo-hradna-restaurant-100x100.jpg 100w\" sizes=\"auto, 100vw\" \/><\/a>\n\t\t\t<\/div><\/figure><figure class='gallery-item'>\n\t\t\t<div class='gallery-icon landscape'>\n\t\t\t\t<a href='https:\/\/hradna.com\/wp-content\/uploads\/2022\/10\/04-historic-photo-hradna-restaurant.jpg' title=\"\" data-rl_title=\"\" class=\"rl-gallery-link\" data-rl_caption=\"\" data-rel=\"lightbox-gallery-1\"><img loading=\"lazy\" decoding=\"async\" width=\"850\" height=\"850\" src=\"https:\/\/hradna.com\/wp-content\/uploads\/2022\/10\/04-historic-photo-hradna-restaurant-850x850.jpg\" class=\"attachment-thumbnail size-thumbnail\" alt=\"\" srcset=\"https:\/\/hradna.com\/wp-content\/uploads\/2022\/10\/04-historic-photo-hradna-restaurant-850x850.jpg 850w, https:\/\/hradna.com\/wp-content\/uploads\/2022\/10\/04-historic-photo-hradna-restaurant-100x100.jpg 100w\" sizes=\"auto, 100vw\" \/><\/a>\n\t\t\t<\/div><\/figure><figure class='gallery-item'>\n\t\t\t<div class='gallery-icon landscape'>\n\t\t\t\t<a href='https:\/\/hradna.com\/wp-content\/uploads\/2022\/10\/05-historic-photo-hradna-restaurant.jpg' title=\"\" data-rl_title=\"\" class=\"rl-gallery-link\" data-rl_caption=\"\" data-rel=\"lightbox-gallery-1\"><img loading=\"lazy\" decoding=\"async\" width=\"850\" height=\"850\" src=\"https:\/\/hradna.com\/wp-content\/uploads\/2022\/10\/05-historic-photo-hradna-restaurant-850x850.jpg\" class=\"attachment-thumbnail size-thumbnail\" alt=\"\" srcset=\"https:\/\/hradna.com\/wp-content\/uploads\/2022\/10\/05-historic-photo-hradna-restaurant-850x850.jpg 850w, https:\/\/hradna.com\/wp-content\/uploads\/2022\/10\/05-historic-photo-hradna-restaurant-100x100.jpg 100w\" sizes=\"auto, 100vw\" \/><\/a>\n\t\t\t<\/div><\/figure><figure class='gallery-item'>\n\t\t\t<div class='gallery-icon landscape'>\n\t\t\t\t<a href='https:\/\/hradna.com\/wp-content\/uploads\/2022\/10\/06-historic-photo-hradna-restaurant.jpg' title=\"\" data-rl_title=\"\" class=\"rl-gallery-link\" data-rl_caption=\"\" data-rel=\"lightbox-gallery-1\"><img loading=\"lazy\" decoding=\"async\" width=\"850\" height=\"850\" src=\"https:\/\/hradna.com\/wp-content\/uploads\/2022\/10\/06-historic-photo-hradna-restaurant-850x850.jpg\" class=\"attachment-thumbnail size-thumbnail\" alt=\"\" srcset=\"https:\/\/hradna.com\/wp-content\/uploads\/2022\/10\/06-historic-photo-hradna-restaurant-850x850.jpg 850w, https:\/\/hradna.com\/wp-content\/uploads\/2022\/10\/06-historic-photo-hradna-restaurant-100x100.jpg 100w\" sizes=\"auto, 100vw\" \/><\/a>\n\t\t\t<\/div><\/figure><figure class='gallery-item'>\n\t\t\t<div class='gallery-icon landscape'>\n\t\t\t\t<a href='https:\/\/hradna.com\/wp-content\/uploads\/2022\/10\/07-historic-photo-hradna-restaurant.jpg' title=\"\" data-rl_title=\"\" class=\"rl-gallery-link\" data-rl_caption=\"\" data-rel=\"lightbox-gallery-1\"><img loading=\"lazy\" decoding=\"async\" width=\"850\" height=\"850\" src=\"https:\/\/hradna.com\/wp-content\/uploads\/2022\/10\/07-historic-photo-hradna-restaurant-850x850.jpg\" class=\"attachment-thumbnail size-thumbnail\" alt=\"\" srcset=\"https:\/\/hradna.com\/wp-content\/uploads\/2022\/10\/07-historic-photo-hradna-restaurant-850x850.jpg 850w, https:\/\/hradna.com\/wp-content\/uploads\/2022\/10\/07-historic-photo-hradna-restaurant-100x100.jpg 100w\" sizes=\"auto, 100vw\" \/><\/a>\n\t\t\t<\/div><\/figure>\n\t\t<\/div>\n<br><br>\r\n<small class=\"zdroj\">1985, Bohuslav Zemiar<\/small>","protected":false},"excerpt":{"rendered":"Take a peek into history. Old photos of the Hradna restaurant. 1985, Bohuslav Zemiar","protected":false},"author":1,"featured_media":713,"comment_status":"open","ping_status":"open","sticky":false,"template":"","format":"standard","meta":{"footnotes":""},"categories":[6],"tags":[],"class_list":["post-717","post","type-post","status-publish","format-standard","has-post-thumbnail","hentry","category-news"],"yoast_head":"<!-- This site is optimized with the Yoast SEO plugin v18.3 - https:\/\/yoast.com\/wordpress\/plugins\/seo\/ -->\n<title>Historic photos of Hradna restaurant - Hradn\u00e1 Re\u0161taur\u00e1cia<\/title>\n<meta name=\"robots\" content=\"index, follow, max-snippet:-1, max-image-preview:large, max-video-preview:-1\" \/>\n<link rel=\"canonical\" href=\"https:\/\/hradna.com\/en\/news\/historic-photos-of-hradna-restaurant\/\" \/>\n<meta property=\"og:locale\" content=\"en_US\" \/>\n<meta property=\"og:type\" content=\"article\" \/>\n<meta property=\"og:title\" content=\"Historic photos of Hradna restaurant - Hradn\u00e1 Re\u0161taur\u00e1cia\" \/>\n<meta property=\"og:description\" content=\"Take a peek into history. Old photos of the Hradna restaurant. 1985, Bohuslav Zemiar\" \/>\n<meta property=\"og:url\" content=\"https:\/\/hradna.com\/en\/news\/historic-photos-of-hradna-restaurant\/\" \/>\n<meta property=\"og:site_name\" content=\"Hradn\u00e1 Re\u0161taur\u00e1cia\" \/>\n<meta property=\"article:publisher\" content=\"https:\/\/www.facebook.com\/Re%c5%a1taur%c3%a1cia-HRADN%c3%81-101880362453349\" \/>\n<meta property=\"article:published_time\" content=\"2022-10-27T18:50:05+00:00\" \/>\n<meta property=\"article:modified_time\" content=\"2022-10-29T09:17:25+00:00\" \/>\n<meta property=\"og:image\" content=\"https:\/\/hradna.com\/wp-content\/uploads\/2022\/10\/07-historic-photo-hradna-restaurant.jpg\" \/>\n\t<meta property=\"og:image:width\" content=\"1980\" \/>\n\t<meta property=\"og:image:height\" content=\"1614\" \/>\n\t<meta property=\"og:image:type\" content=\"image\/jpeg\" \/>\n<meta name=\"twitter:card\" content=\"summary_large_image\" \/>\n<meta name=\"twitter:label1\" content=\"Written by\" \/>\n\t<meta name=\"twitter:data1\" content=\"martin\" \/>\n<script type=\"application\/ld+json\" class=\"yoast-schema-graph\">{\"@context\":\"https:\/\/schema.org\",\"@graph\":[{\"@type\":\"WebSite\",\"@id\":\"https:\/\/hradna.com\/#website\",\"url\":\"https:\/\/hradna.com\/\",\"name\":\"Hradn\u00e1 Re\u0161taur\u00e1cia\",\"description\":\"Nov\u00e1 kultov\u00e1 re\u0161taur\u00e1cia na Bratislavskom hrade\",\"potentialAction\":[{\"@type\":\"SearchAction\",\"target\":{\"@type\":\"EntryPoint\",\"urlTemplate\":\"https:\/\/hradna.com\/?s={search_term_string}\"},\"query-input\":\"required name=search_term_string\"}],\"inLanguage\":\"en-US\"},{\"@type\":\"ImageObject\",\"@id\":\"https:\/\/hradna.com\/en\/news\/historic-photos-of-hradna-restaurant\/#primaryimage\",\"inLanguage\":\"en-US\",\"url\":\"https:\/\/hradna.com\/wp-content\/uploads\/2022\/10\/07-historic-photo-hradna-restaurant.jpg\",\"contentUrl\":\"https:\/\/hradna.com\/wp-content\/uploads\/2022\/10\/07-historic-photo-hradna-restaurant.jpg\",\"width\":1980,\"height\":1614},{\"@type\":\"WebPage\",\"@id\":\"https:\/\/hradna.com\/en\/news\/historic-photos-of-hradna-restaurant\/#webpage\",\"url\":\"https:\/\/hradna.com\/en\/news\/historic-photos-of-hradna-restaurant\/\",\"name\":\"Historic photos of Hradna restaurant - Hradn\u00e1 Re\u0161taur\u00e1cia\",\"isPartOf\":{\"@id\":\"https:\/\/hradna.com\/#website\"},\"primaryImageOfPage\":{\"@id\":\"https:\/\/hradna.com\/en\/news\/historic-photos-of-hradna-restaurant\/#primaryimage\"},\"datePublished\":\"2022-10-27T18:50:05+00:00\",\"dateModified\":\"2022-10-29T09:17:25+00:00\",\"author\":{\"@id\":\"https:\/\/hradna.com\/#\/schema\/person\/47749b633949483c0abf0563be71d1b6\"},\"breadcrumb\":{\"@id\":\"https:\/\/hradna.com\/en\/news\/historic-photos-of-hradna-restaurant\/#breadcrumb\"},\"inLanguage\":\"en-US\",\"potentialAction\":[{\"@type\":\"ReadAction\",\"target\":[\"https:\/\/hradna.com\/en\/news\/historic-photos-of-hradna-restaurant\/\"]}]},{\"@type\":\"BreadcrumbList\",\"@id\":\"https:\/\/hradna.com\/en\/news\/historic-photos-of-hradna-restaurant\/#breadcrumb\",\"itemListElement\":[{\"@type\":\"ListItem\",\"position\":1,\"name\":\"Domovsk\u00e1 str\u00e1nka\",\"item\":\"https:\/\/hradna.com\/\"},{\"@type\":\"ListItem\",\"position\":2,\"name\":\"Historic photos of Hradna restaurant\"}]},{\"@type\":\"Person\",\"@id\":\"https:\/\/hradna.com\/#\/schema\/person\/47749b633949483c0abf0563be71d1b6\",\"name\":\"martin\",\"image\":{\"@type\":\"ImageObject\",\"@id\":\"https:\/\/hradna.com\/#personlogo\",\"inLanguage\":\"en-US\",\"url\":\"https:\/\/secure.gravatar.com\/avatar\/973cfdb8b4464e126d233f08cc301399271731d2cb1ecda3c3269c67638d1781?s=96&d=mm&r=g\",\"contentUrl\":\"https:\/\/secure.gravatar.com\/avatar\/973cfdb8b4464e126d233f08cc301399271731d2cb1ecda3c3269c67638d1781?s=96&d=mm&r=g\",\"caption\":\"martin\"},\"url\":\"https:\/\/hradna.com\/en\/author\/martin\/\"}]}<\/script>\n<!-- \/ Yoast SEO plugin. -->","yoast_head_json":{"title":"Historic photos of Hradna restaurant - Hradn\u00e1 Re\u0161taur\u00e1cia","robots":{"index":"index","follow":"follow","max-snippet":"max-snippet:-1","max-image-preview":"max-image-preview:large","max-video-preview":"max-video-preview:-1"},"canonical":"https:\/\/hradna.com\/en\/news\/historic-photos-of-hradna-restaurant\/","og_locale":"en_US","og_type":"article","og_title":"Historic photos of Hradna restaurant - Hradn\u00e1 Re\u0161taur\u00e1cia","og_description":"Take a peek into history. Old photos of the Hradna restaurant. 1985, Bohuslav Zemiar","og_url":"https:\/\/hradna.com\/en\/news\/historic-photos-of-hradna-restaurant\/","og_site_name":"Hradn\u00e1 Re\u0161taur\u00e1cia","article_publisher":"https:\/\/www.facebook.com\/Re%c5%a1taur%c3%a1cia-HRADN%c3%81-101880362453349","article_published_time":"2022-10-27T18:50:05+00:00","article_modified_time":"2022-10-29T09:17:25+00:00","og_image":[{"width":1980,"height":1614,"url":"https:\/\/hradna.com\/wp-content\/uploads\/2022\/10\/07-historic-photo-hradna-restaurant.jpg","type":"image\/jpeg"}],"twitter_card":"summary_large_image","twitter_misc":{"Written by":"martin"},"schema":{"@context":"https:\/\/schema.org","@graph":[{"@type":"WebSite","@id":"https:\/\/hradna.com\/#website","url":"https:\/\/hradna.com\/","name":"Hradn\u00e1 Re\u0161taur\u00e1cia","description":"Nov\u00e1 kultov\u00e1 re\u0161taur\u00e1cia na Bratislavskom hrade","potentialAction":[{"@type":"SearchAction","target":{"@type":"EntryPoint","urlTemplate":"https:\/\/hradna.com\/?s={search_term_string}"},"query-input":"required name=search_term_string"}],"inLanguage":"en-US"},{"@type":"ImageObject","@id":"https:\/\/hradna.com\/en\/news\/historic-photos-of-hradna-restaurant\/#primaryimage","inLanguage":"en-US","url":"https:\/\/hradna.com\/wp-content\/uploads\/2022\/10\/07-historic-photo-hradna-restaurant.jpg","contentUrl":"https:\/\/hradna.com\/wp-content\/uploads\/2022\/10\/07-historic-photo-hradna-restaurant.jpg","width":1980,"height":1614},{"@type":"WebPage","@id":"https:\/\/hradna.com\/en\/news\/historic-photos-of-hradna-restaurant\/#webpage","url":"https:\/\/hradna.com\/en\/news\/historic-photos-of-hradna-restaurant\/","name":"Historic photos of Hradna restaurant - Hradn\u00e1 Re\u0161taur\u00e1cia","isPartOf":{"@id":"https:\/\/hradna.com\/#website"},"primaryImageOfPage":{"@id":"https:\/\/hradna.com\/en\/news\/historic-photos-of-hradna-restaurant\/#primaryimage"},"datePublished":"2022-10-27T18:50:05+00:00","dateModified":"2022-10-29T09:17:25+00:00","author":{"@id":"https:\/\/hradna.com\/#\/schema\/person\/47749b633949483c0abf0563be71d1b6"},"breadcrumb":{"@id":"https:\/\/hradna.com\/en\/news\/historic-photos-of-hradna-restaurant\/#breadcrumb"},"inLanguage":"en-US","potentialAction":[{"@type":"ReadAction","target":["https:\/\/hradna.com\/en\/news\/historic-photos-of-hradna-restaurant\/"]}]},{"@type":"BreadcrumbList","@id":"https:\/\/hradna.com\/en\/news\/historic-photos-of-hradna-restaurant\/#breadcrumb","itemListElement":[{"@type":"ListItem","position":1,"name":"Domovsk\u00e1 str\u00e1nka","item":"https:\/\/hradna.com\/"},{"@type":"ListItem","position":2,"name":"Historic photos of Hradna restaurant"}]},{"@type":"Person","@id":"https:\/\/hradna.com\/#\/schema\/person\/47749b633949483c0abf0563be71d1b6","name":"martin","image":{"@type":"ImageObject","@id":"https:\/\/hradna.com\/#personlogo","inLanguage":"en-US","url":"https:\/\/secure.gravatar.com\/avatar\/973cfdb8b4464e126d233f08cc301399271731d2cb1ecda3c3269c67638d1781?s=96&d=mm&r=g","contentUrl":"https:\/\/secure.gravatar.com\/avatar\/973cfdb8b4464e126d233f08cc301399271731d2cb1ecda3c3269c67638d1781?s=96&d=mm&r=g","caption":"martin"},"url":"https:\/\/hradna.com\/en\/author\/martin\/"}]}},"_links":{"self":[{"href":"https:\/\/hradna.com\/en\/wp-json\/wp\/v2\/posts\/717","targetHints":{"allow":["GET"]}}],"collection":[{"href":"https:\/\/hradna.com\/en\/wp-json\/wp\/v2\/posts"}],"about":[{"href":"https:\/\/hradna.com\/en\/wp-json\/wp\/v2\/types\/post"}],"author":[{"embeddable":true,"href":"https:\/\/hradna.com\/en\/wp-json\/wp\/v2\/users\/1"}],"replies":[{"embeddable":true,"href":"https:\/\/hradna.com\/en\/wp-json\/wp\/v2\/comments?post=717"}],"version-history":[{"count":3,"href":"https:\/\/hradna.com\/en\/wp-json\/wp\/v2\/posts\/717\/revisions"}],"predecessor-version":[{"id":736,"href":"https:\/\/hradna.com\/en\/wp-json\/wp\/v2\/posts\/717\/revisions\/736"}],"wp:featuredmedia":[{"embeddable":true,"href":"https:\/\/hradna.com\/en\/wp-json\/wp\/v2\/media\/713"}],"wp:attachment":[{"href":"https:\/\/hradna.com\/en\/wp-json\/wp\/v2\/media?parent=717"}],"wp:term":[{"taxonomy":"category","embeddable":true,"href":"https:\/\/hradna.com\/en\/wp-json\/wp\/v2\/categories?post=717"},{"taxonomy":"post_tag","embeddable":true,"href":"https:\/\/hradna.com\/en\/wp-json\/wp\/v2\/tags?post=717"}],"curies":[{"name":"wp","href":"https:\/\/api.w.org\/{rel}","templated":true}]}}